{"id":64,"date":"2009-01-22T15:55:05","date_gmt":"2009-01-22T15:55:05","guid":{"rendered":"http:\/\/tomas.ring.lt\/blog\/2009\/01\/krepsinio-pasaulyjeeeeeeee\/"},"modified":"2009-01-22T15:55:05","modified_gmt":"2009-01-22T15:55:05","slug":"krepsinio-pasaulyjeeeeeeee","status":"publish","type":"post","link":"http:\/\/tomas.ring.lt\/blog\/2009\/01\/krepsinio-pasaulyjeeeeeeee\/","title":{"rendered":"Krep\u0161inio pasaulyjeeeeeeee&#8230;"},"content":{"rendered":"<p><\/p>\n<div style=\"text-align: justify;\"><img loading=\"lazy\" decoding=\"async\" src=\"http:\/\/www.msdakar.lt\/images\/logo_small.png\" style=\"width: 144px; height: 94px;\" align=\"left\" width=\"144\" height=\"94\">Vakar ka\u017ekur apie vidurnakt\u012f Vilniaus aledrome sutikom <a target=\"_blank\" href=\"http:\/\/lt.wikipedia.org\/wiki\/2009_m._Dakaro_ralis\">2009 m. Dakaro<\/a> ralio dalyvius motociklininkus <a target=\"_blank\" href=\"http:\/\/www.msdakar.lt\/\">Mindaug\u0105<\/a> ir <a target=\"_blank\" href=\"http:\/\/foto.vz.lt\/index.php?mid=354&#038;s=Balys+Bardauskas\">Bal\u012f<\/a>.<\/p>\n<p>Kas labai &#8220;patiko&#8221;? Ogi kad i&scaron; visos \u017einiasklaidos tebuvo tik <a target=\"_blank\" href=\"http:\/\/tv.lrytas.lt\/laidos\/?item_id=38&#038;active=736\">&#8220;Teritorijos&#8221;<\/a><br \/>\nmergiot\u0117s&#8230;<\/p>\n<p>Nors.. N\u0117r ko nor\u0117t &#8211; viso ralio metu LNK ar TV3 sporto \u017einioms<br \/>\nbuvo aktualiau Graikijos krep&scaron;inio \u010dempionato (tikrai tikrai, nes gi juk<br \/>\ntenainos \u017eaid\u017eia pats JASIKEVI\u010cIUS!), SEB-BBL, Eurolygos ir kitoki\u0173 &scaron;achmat\u0173 ap\u017evalgos&#8230; O \u010dia tik ka\u017ekoks fakin ralis, kuriame nevisada fini&scaron;uoja netgi milijoninius biud\u017eetus turin\u010dios komandos&#8230;<\/p>\n<div style=\"text-align: left;\">\n<p>Vienintel\u0117 BTV dar parodydavo kasdienes ap\u017evalgas (apie R.Fetingio komentavim\u0105 patyl\u0117siu \ud83d\ude42 )\n<\/p><\/div>\n<\/div>\n","protected":false},"excerpt":{"rendered":"<p>Vakar ka\u017ekur apie vidurnakt\u012f Vilniaus aledrome sutikom 2009 m. Dakaro ralio dalyvius motociklininkus Mindaug\u0105 ir Bal\u012f. Kas labai &#8220;patiko&#8221;? Ogi kad i&scaron; visos \u017einiasklaidos tebuvo tik &#8220;Teritorijos&#8221; mergiot\u0117s&#8230; Nors.. N\u0117r ko nor\u0117t &#8211; viso ralio metu LNK ar TV3 sporto &hellip; <a href=\"http:\/\/tomas.ring.lt\/blog\/2009\/01\/krepsinio-pasaulyjeeeeeeee\/\">Continue reading <span class=\"meta-nav\">&rarr;<\/span><\/a><\/p>\n","protected":false},"author":1,"featured_media":0,"comment_status":"open","ping_status":"open","sticky":false,"template":"","format":"standard","meta":{"footnotes":""},"categories":[467],"tags":[],"class_list":["post-64","post","type-post","status-publish","format-standard","hentry","category-kita"],"_links":{"self":[{"href":"http:\/\/tomas.ring.lt\/blog\/wp-json\/wp\/v2\/posts\/64","targetHints":{"allow":["GET"]}}],"collection":[{"href":"http:\/\/tomas.ring.lt\/blog\/wp-json\/wp\/v2\/posts"}],"about":[{"href":"http:\/\/tomas.ring.lt\/blog\/wp-json\/wp\/v2\/types\/post"}],"author":[{"embeddable":true,"href":"http:\/\/tomas.ring.lt\/blog\/wp-json\/wp\/v2\/users\/1"}],"replies":[{"embeddable":true,"href":"http:\/\/tomas.ring.lt\/blog\/wp-json\/wp\/v2\/comments?post=64"}],"version-history":[{"count":0,"href":"http:\/\/tomas.ring.lt\/blog\/wp-json\/wp\/v2\/posts\/64\/revisions"}],"wp:attachment":[{"href":"http:\/\/tomas.ring.lt\/blog\/wp-json\/wp\/v2\/media?parent=64"}],"wp:term":[{"taxonomy":"category","embeddable":true,"href":"http:\/\/tomas.ring.lt\/blog\/wp-json\/wp\/v2\/categories?post=64"},{"taxonomy":"post_tag","embeddable":true,"href":"http:\/\/tomas.ring.lt\/blog\/wp-json\/wp\/v2\/tags?post=64"}],"curies":[{"name":"wp","href":"https:\/\/api.w.org\/{rel}","templated":true}]}}