{"id":362,"date":"2010-02-01T10:44:39","date_gmt":"2010-02-01T08:44:39","guid":{"rendered":"http:\/\/yvl.blogas.lt\/?p=362"},"modified":"2010-02-01T10:44:39","modified_gmt":"2010-02-01T08:44:39","slug":"apie-desningumus","status":"publish","type":"post","link":"http:\/\/tomas.ring.lt\/blog\/2010\/02\/apie-desningumus\/","title":{"rendered":"Apie d\u0117sningumus"},"content":{"rendered":"<p><a href=\"http:\/\/farm1.static.flickr.com\/146\/422520977_055eee8cf3.jpg\"><img loading=\"lazy\" decoding=\"async\" class=\"alignright\" src=\"http:\/\/farm1.static.flickr.com\/146\/422520977_055eee8cf3.jpg\" alt=\"\" width=\"108\" height=\"108\" \/><\/a>Nak\u0105gi, prab\u0117go vos daugiau nei metai, ir situacija <a href=\"http:\/\/yvl.blogas.lt\/kryyyyze-ble-56.html\" target=\"_blank\">kartojasi<\/a>&#8230;<\/p>\n<p>Rankiojuosi \u0161mutkes i\u0161 stal\u010di\u0173 ir kitoki\u0173 pakampi\u0173, susistumdau paskutines nedadielkas, ir u\u017e valandos paskutin\u012f kart u\u017erakinsiu kabinet\u0105.<\/p>\n<p>Tre\u010di\u0105 (!!!) \u017eiem\u0105 i\u0161 eil\u0117s tur\u0117siu &#8220;atostogas&#8221;. Ka\u017ekaip nat\u016braliai pradeda u\u017ep*st tokia tanki laiko spiral\u0117.\u00a0 Arba ta vis\u0173 taip linksniuojama &#8220;kriz\u0117&#8221;.<\/p>\n<p>Kiba mi\u0161ias kokias u\u017epirkt?<\/p>\n<p>Beje, an\u0105dien kolega sugeneravo tobul\u0105 fraz\u0119: &#8220;I\u0161 Lietuvos \u017emon\u0117s nebeemigruoja &#8211; i\u0161 Lietuvos EVAKUOJASI&#8230;&#8221; Kyla visoki\u0173 min\u010di\u0173. Netgi ir apie evakuacij\u0105. Tik va visokie asmeni\u0161ki faktoriai, plius faktas, kad ir TEN nelyja auksiniais i\u0161 dangaus, dar vis laiko \u010dia&#8230;<\/p>\n<p>Lieka klausimas, kas nugal\u0117s &#8211; patriotizmas, ar alkis \ud83d\ude42<\/p>\n","protected":false},"excerpt":{"rendered":"<p>Nak\u0105gi, prab\u0117go vos daugiau nei metai, ir situacija kartojasi&#8230; Rankiojuosi \u0161mutkes i\u0161 stal\u010di\u0173 ir kitoki\u0173 pakampi\u0173, susistumdau paskutines nedadielkas, ir u\u017e valandos paskutin\u012f kart u\u017erakinsiu kabinet\u0105. Tre\u010di\u0105 (!!!) \u017eiem\u0105 i\u0161 eil\u0117s tur\u0117siu &#8220;atostogas&#8221;. Ka\u017ekaip nat\u016braliai pradeda u\u017ep*st tokia tanki laiko &hellip; <a href=\"http:\/\/tomas.ring.lt\/blog\/2010\/02\/apie-desningumus\/\">Continue reading <span class=\"meta-nav\">&rarr;<\/span><\/a><\/p>\n","protected":false},"author":1,"featured_media":0,"comment_status":"open","ping_status":"open","sticky":false,"template":"","format":"standard","meta":{"footnotes":""},"categories":[467],"tags":[],"class_list":["post-362","post","type-post","status-publish","format-standard","hentry","category-kita"],"_links":{"self":[{"href":"http:\/\/tomas.ring.lt\/blog\/wp-json\/wp\/v2\/posts\/362","targetHints":{"allow":["GET"]}}],"collection":[{"href":"http:\/\/tomas.ring.lt\/blog\/wp-json\/wp\/v2\/posts"}],"about":[{"href":"http:\/\/tomas.ring.lt\/blog\/wp-json\/wp\/v2\/types\/post"}],"author":[{"embeddable":true,"href":"http:\/\/tomas.ring.lt\/blog\/wp-json\/wp\/v2\/users\/1"}],"replies":[{"embeddable":true,"href":"http:\/\/tomas.ring.lt\/blog\/wp-json\/wp\/v2\/comments?post=362"}],"version-history":[{"count":2,"href":"http:\/\/tomas.ring.lt\/blog\/wp-json\/wp\/v2\/posts\/362\/revisions"}],"predecessor-version":[{"id":364,"href":"http:\/\/tomas.ring.lt\/blog\/wp-json\/wp\/v2\/posts\/362\/revisions\/364"}],"wp:attachment":[{"href":"http:\/\/tomas.ring.lt\/blog\/wp-json\/wp\/v2\/media?parent=362"}],"wp:term":[{"taxonomy":"category","embeddable":true,"href":"http:\/\/tomas.ring.lt\/blog\/wp-json\/wp\/v2\/categories?post=362"},{"taxonomy":"post_tag","embeddable":true,"href":"http:\/\/tomas.ring.lt\/blog\/wp-json\/wp\/v2\/tags?post=362"}],"curies":[{"name":"wp","href":"https:\/\/api.w.org\/{rel}","templated":true}]}}