{"id":161,"date":"2009-05-21T14:56:55","date_gmt":"2009-05-21T12:56:55","guid":{"rendered":"http:\/\/yvl.blogas.lt\/?p=161"},"modified":"2009-05-21T14:56:55","modified_gmt":"2009-05-21T12:56:55","slug":"designweek-2009","status":"publish","type":"post","link":"http:\/\/tomas.ring.lt\/blog\/2009\/05\/designweek-2009\/","title":{"rendered":"Designweek 2009"},"content":{"rendered":"<p>Vis laiko nei\u0161taikiau para\u0161yt. Tai va, kaip jau \u017einia, \u012f pabaig\u0105 eina <a href=\"http:\/\/www.dizainoforumas.lt\/lt.php\/dizaino_savaite\/programa\" target=\"_blank\">Dizaino savait\u0117<\/a>.<\/p>\n<p>pbg jau \u012fd\u0117jo <a href=\"http:\/\/pbg.livejournal.com\/355465.html\" target=\"_blank\">fotoreporta\u017e\u0105<\/a> apie loftus, a\u0161 gi papostringausiu apie pam\u0105stymus \u201eGyvenimas ant vandens\u201c.<\/p>\n<p>Veiksmas vyko toje savoti\u0161koje b\u016bdel\u0117je ant Neries:<\/p>\n<p><a href=\"http:\/\/tomas.ring.lt\/blog\/wp-content\/uploads\/2009\/05\/dsc00985.jpg\"><img loading=\"lazy\" decoding=\"async\" class=\"size-medium wp-image-162 alignnone\" src=\"http:\/\/yvl.blogas.lt\/beta\/files\/2009\/05\/dsc00985-400x300.jpg\" alt=\"\" width=\"240\" height=\"180\" \/><\/a><\/p>\n<p>Buvo visoki\u0173 (\u012fdomi\u0173 ir nelabai) min\u010di\u0173, id\u0117j\u0173. Buvo kokteiliuk\u0173. Visk\u0105 vainikavo kokis tai \u012fdomus ansamblis, su dar \u012fdomesne afi\u0161a:<\/p>\n<p><a href=\"http:\/\/tomas.ring.lt\/blog\/wp-content\/uploads\/2009\/05\/dsc00984.jpg\"><img loading=\"lazy\" decoding=\"async\" class=\"size-medium wp-image-163 alignnone\" src=\"http:\/\/yvl.blogas.lt\/beta\/files\/2009\/05\/dsc00984-400x300.jpg\" alt=\"\" width=\"280\" height=\"210\" \/><\/a><\/p>\n<p>Daba labai laukiam u\u017edarymo ir afterparty rytoj \ud83d\ude42<\/p>\n","protected":false},"excerpt":{"rendered":"<p>Vis laiko nei\u0161taikiau para\u0161yt. Tai va, kaip jau \u017einia, \u012f pabaig\u0105 eina Dizaino savait\u0117. pbg jau \u012fd\u0117jo fotoreporta\u017e\u0105 apie loftus, a\u0161 gi papostringausiu apie pam\u0105stymus \u201eGyvenimas ant vandens\u201c. Veiksmas vyko toje savoti\u0161koje b\u016bdel\u0117je ant Neries: Buvo visoki\u0173 (\u012fdomi\u0173 ir nelabai) &hellip; <a href=\"http:\/\/tomas.ring.lt\/blog\/2009\/05\/designweek-2009\/\">Continue reading <span class=\"meta-nav\">&rarr;<\/span><\/a><\/p>\n","protected":false},"author":1,"featured_media":0,"comment_status":"open","ping_status":"open","sticky":false,"template":"","format":"standard","meta":{"footnotes":""},"categories":[467],"tags":[],"class_list":["post-161","post","type-post","status-publish","format-standard","hentry","category-kita"],"_links":{"self":[{"href":"http:\/\/tomas.ring.lt\/blog\/wp-json\/wp\/v2\/posts\/161","targetHints":{"allow":["GET"]}}],"collection":[{"href":"http:\/\/tomas.ring.lt\/blog\/wp-json\/wp\/v2\/posts"}],"about":[{"href":"http:\/\/tomas.ring.lt\/blog\/wp-json\/wp\/v2\/types\/post"}],"author":[{"embeddable":true,"href":"http:\/\/tomas.ring.lt\/blog\/wp-json\/wp\/v2\/users\/1"}],"replies":[{"embeddable":true,"href":"http:\/\/tomas.ring.lt\/blog\/wp-json\/wp\/v2\/comments?post=161"}],"version-history":[{"count":5,"href":"http:\/\/tomas.ring.lt\/blog\/wp-json\/wp\/v2\/posts\/161\/revisions"}],"predecessor-version":[{"id":166,"href":"http:\/\/tomas.ring.lt\/blog\/wp-json\/wp\/v2\/posts\/161\/revisions\/166"}],"wp:attachment":[{"href":"http:\/\/tomas.ring.lt\/blog\/wp-json\/wp\/v2\/media?parent=161"}],"wp:term":[{"taxonomy":"category","embeddable":true,"href":"http:\/\/tomas.ring.lt\/blog\/wp-json\/wp\/v2\/categories?post=161"},{"taxonomy":"post_tag","embeddable":true,"href":"http:\/\/tomas.ring.lt\/blog\/wp-json\/wp\/v2\/tags?post=161"}],"curies":[{"name":"wp","href":"https:\/\/api.w.org\/{rel}","templated":true}]}}